{"id":1582,"date":"2020-08-31T17:01:40","date_gmt":"2020-08-31T15:01:40","guid":{"rendered":"http:\/\/www.borgehage.se\/?p=1582"},"modified":"2020-08-31T17:01:40","modified_gmt":"2020-08-31T15:01:40","slug":"bryggupptagning-26-sept-kl-10-30","status":"publish","type":"post","link":"https:\/\/www.borgehage.se\/?p=1582","title":{"rendered":"Bryggupptagning 26 sept kl 10.30"},"content":{"rendered":"<p><img loading=\"lazy\" decoding=\"async\" class=\"alignnone size-full wp-image-1289\" src=\"http:\/\/www.borgehage.se\/wp-content\/uploads\/\/IMG_2927-e1538389505307.jpg\" alt=\"\" width=\"480\" height=\"640\" \/><\/p>\n<div id=\":o9\" class=\"a3s aXjCH \">\n<div dir=\"ltr\">\n<p>Hej!<\/p>\n<p>Nu \u00e4r det snart dags att <strong>ta upp bryggan och flotten<\/strong> s\u00e5 att de ligger tryggt inf\u00f6r h\u00f6stens och vinterns stormar. Vi m\u00f6ts l\u00f6rdagen den 26 september klockan 10.30 nere vid sj\u00f6n.<\/p>\n<p>L\u00e4nsstyrelsen har varit h\u00e4r och diskuterat <strong>r\u00f6jningen av alvarsmarken<\/strong>\u00a0(samf\u00e4lligheten Borgehage S:3). Som det ser ut nu kommer arbetet att s\u00e4tta ig\u00e5ng under h\u00f6sten 2020 och Hasse Sj\u00f6vall kommer att vara den som ansvarar f\u00f6r det. V\u00e4gf\u00f6reningen \u00e4r med i dialogen med L\u00e4nsstyrelsen f\u00f6r att koordinera eventuella fr\u00e5gor som r\u00f6r v\u00e4gen och framkomligheten.<\/p>\n<p>H\u00e4lsningar<\/p>\n<p>Anette Wickholm, ordf i Borgehage byalag<\/p>\n<\/div>\n<\/div>\n","protected":false},"excerpt":{"rendered":"<p>Hej! Nu \u00e4r det snart dags att ta upp bryggan och flotten s\u00e5 att de ligger tryggt inf\u00f6r h\u00f6stens och vinterns stormar. Vi m\u00f6ts l\u00f6rdagen den 26 september klockan 10.30 nere vid sj\u00f6n. L\u00e4nsstyrelsen har varit h\u00e4r och diskuterat r\u00f6jningen &hellip; <a href=\"https:\/\/www.borgehage.se\/?p=1582\">Forts\u00e4tt l\u00e4sa <span class=\"meta-nav\">&rarr;<\/span><\/a><\/p>\n","protected":false},"author":6,"featured_media":0,"comment_status":"open","ping_status":"open","sticky":false,"template":"","format":"standard","meta":{"footnotes":""},"categories":[5,14,11,13,22,18],"tags":[],"class_list":["post-1582","post","type-post","status-publish","format-standard","hentry","category-bilder","category-borgehage-byalag","category-bryggan","category-lona-projektet","category-naturen","category-vagforeningen"],"_links":{"self":[{"href":"https:\/\/www.borgehage.se\/index.php?rest_route=\/wp\/v2\/posts\/1582"}],"collection":[{"href":"https:\/\/www.borgehage.se\/index.php?rest_route=\/wp\/v2\/posts"}],"about":[{"href":"https:\/\/www.borgehage.se\/index.php?rest_route=\/wp\/v2\/types\/post"}],"author":[{"embeddable":true,"href":"https:\/\/www.borgehage.se\/index.php?rest_route=\/wp\/v2\/users\/6"}],"replies":[{"embeddable":true,"href":"https:\/\/www.borgehage.se\/index.php?rest_route=%2Fwp%2Fv2%2Fcomments&post=1582"}],"version-history":[{"count":1,"href":"https:\/\/www.borgehage.se\/index.php?rest_route=\/wp\/v2\/posts\/1582\/revisions"}],"predecessor-version":[{"id":1583,"href":"https:\/\/www.borgehage.se\/index.php?rest_route=\/wp\/v2\/posts\/1582\/revisions\/1583"}],"wp:attachment":[{"href":"https:\/\/www.borgehage.se\/index.php?rest_route=%2Fwp%2Fv2%2Fmedia&parent=1582"}],"wp:term":[{"taxonomy":"category","embeddable":true,"href":"https:\/\/www.borgehage.se\/index.php?rest_route=%2Fwp%2Fv2%2Fcategories&post=1582"},{"taxonomy":"post_tag","embeddable":true,"href":"https:\/\/www.borgehage.se\/index.php?rest_route=%2Fwp%2Fv2%2Ftags&post=1582"}],"curies":[{"name":"wp","href":"https:\/\/api.w.org\/{rel}","templated":true}]}}